{"id":14604,"date":"2020-06-19T14:59:01","date_gmt":"2020-06-19T12:59:01","guid":{"rendered":"http:\/\/w2.baztan.eus\/reapertura-de-la-idm-giltxaurdi-el-24-de-junio\/"},"modified":"2020-06-19T14:59:01","modified_gmt":"2020-06-19T12:59:01","slug":"reapertura-de-la-idm-giltxaurdi-el-24-de-junio","status":"publish","type":"post","link":"https:\/\/www.baztan.eus\/es\/reapertura-de-la-idm-giltxaurdi-el-24-de-junio\/","title":{"rendered":"REAPERTURA DE LA IDM GILTXAURDI EL 24 DE JUNIO"},"content":{"rendered":"<p>El d\u00eda 24 de junio se reabre la IDM GILTXAURDI tras tres meses de estar cerrada como consecuencia del COVID-19.<\/p>\n<p>Los d\u00edas 22 y 23 de junio de 9:00 a 14:00 horas habr\u00e1 atenci\u00f3n telef\u00f3nica en el tel\u00e9fono 958 45 23 01.<\/p>\n<p><a href=\"http:\/\/www.baztan.eus\/wp-content\/uploads\/2020\/06\/protokoloa.pdf\" class=\"mtli_attachment mtli_pdf\">Protocolo para los usuarios debido al COVID-19<\/a><\/p>\n<p><a href=\"http:\/\/www.baztan.eus\/wp-content\/uploads\/2020\/06\/abono-egiteko-inprimakia.pdf\" class=\"mtli_attachment mtli_pdf\">Impreso para abonos<\/a><\/p>\n","protected":false},"excerpt":{"rendered":"<p>El d\u00eda 24 de junio se reabre la IDM GILTXAURDI tras tres meses de estar cerrada como consecuencia del COVID-19. Los d\u00edas 22 y 23 de junio de 9:00 a 14:00 horas habr\u00e1 atenci\u00f3n telef\u00f3nica en el tel\u00e9fono 958 45 23 01. Protocolo para los usuarios debido al COVID-19 Impreso para abonos<\/p>\n","protected":false},"author":140,"featured_media":11356,"comment_status":"closed","ping_status":"closed","sticky":false,"template":"","format":"standard","meta":{"_exactmetrics_skip_tracking":false,"_exactmetrics_sitenote_active":false,"_exactmetrics_sitenote_note":"","_exactmetrics_sitenote_category":0,"footnotes":""},"categories":[113],"tags":[],"class_list":["post-14604","post","type-post","status-publish","format-standard","has-post-thumbnail","hentry","category-sin-categoria-2"],"_links":{"self":[{"href":"https:\/\/www.baztan.eus\/es\/wp-json\/wp\/v2\/posts\/14604","targetHints":{"allow":["GET"]}}],"collection":[{"href":"https:\/\/www.baztan.eus\/es\/wp-json\/wp\/v2\/posts"}],"about":[{"href":"https:\/\/www.baztan.eus\/es\/wp-json\/wp\/v2\/types\/post"}],"author":[{"embeddable":true,"href":"https:\/\/www.baztan.eus\/es\/wp-json\/wp\/v2\/users\/140"}],"replies":[{"embeddable":true,"href":"https:\/\/www.baztan.eus\/es\/wp-json\/wp\/v2\/comments?post=14604"}],"version-history":[{"count":0,"href":"https:\/\/www.baztan.eus\/es\/wp-json\/wp\/v2\/posts\/14604\/revisions"}],"wp:featuredmedia":[{"embeddable":true,"href":"https:\/\/www.baztan.eus\/es\/wp-json\/wp\/v2\/media\/11356"}],"wp:attachment":[{"href":"https:\/\/www.baztan.eus\/es\/wp-json\/wp\/v2\/media?parent=14604"}],"wp:term":[{"taxonomy":"category","embeddable":true,"href":"https:\/\/www.baztan.eus\/es\/wp-json\/wp\/v2\/categories?post=14604"},{"taxonomy":"post_tag","embeddable":true,"href":"https:\/\/www.baztan.eus\/es\/wp-json\/wp\/v2\/tags?post=14604"}],"curies":[{"name":"wp","href":"https:\/\/api.w.org\/{rel}","templated":true}]}}