{"id":14671,"date":"2021-03-12T09:27:23","date_gmt":"2021-03-12T08:27:23","guid":{"rendered":"http:\/\/w2.baztan.eus\/ayudas-del-gobierno-de-navarra-del-ambito-familiar\/"},"modified":"2021-03-12T09:27:23","modified_gmt":"2021-03-12T08:27:23","slug":"ayudas-del-gobierno-de-navarra-del-ambito-familiar","status":"publish","type":"post","link":"https:\/\/www.baztan.eus\/es\/ayudas-del-gobierno-de-navarra-del-ambito-familiar\/","title":{"rendered":"AYUDAS DEL GOBIERNO DE NAVARRA DEL \u00c1MBITO FAMILIAR"},"content":{"rendered":"<p><em><a href=\"https:\/\/www.navarra.es\/eu\/web\/guest\/tramiteak\/on\/-\/line\/Ayudas-a-familias-numerosas-y-familias-monoparentales-para-gastos-extraordinarios-de-protesis-auditivas-prescripciones-opticas-y-ortodoncia-2021?back=true&amp;pageBackId=5722676\" target=\"_blank\" rel=\"noopener noreferrer\">Compra o sustituci\u00f3n de pr\u00f3tesis auditivas, prescripciones \u00f3pticas<\/a> <\/em><\/p>\n<p><a href=\"https:\/\/www.navarra.es\/eu\/web\/guest\/tramiteak\/on\/-\/line\/Ayudas-a-familias-numerosas-y-familias-monoparentales-para-gastos-extraordinarios-de-protesis-auditivas-prescripciones-opticas-y-ortodoncia-2021?back=true&amp;pageBackId=5722676\" target=\"_blank\" rel=\"noopener noreferrer\"><em>\u00danica persona adulta que tiene a su exclusivo cargo y cuidado a los menores<\/em><\/a><\/p>\n<p><a href=\"https:\/\/www.navarra.es\/eu\/web\/guest\/tramiteak\/on\/-\/line\/Ayudas-a-personas-trabajadoras-en-excedencia-para-el-cuidado-de-familiares-2021?back=true&amp;pageBackId=5722676\" target=\"_blank\" rel=\"noopener noreferrer\"><em>Por la excedencia para cuidados<\/em><\/a><\/p>\n<p>&nbsp;<\/p>\n<p>&nbsp;<\/p>\n","protected":false},"excerpt":{"rendered":"<p>Compra o sustituci\u00f3n de pr\u00f3tesis auditivas, prescripciones \u00f3pticas \u00danica persona adulta que tiene a su exclusivo cargo y cuidado a los menores Por la excedencia para cuidados &nbsp; &nbsp;<\/p>\n","protected":false},"author":134,"featured_media":12701,"comment_status":"closed","ping_status":"closed","sticky":false,"template":"","format":"standard","meta":{"_exactmetrics_skip_tracking":false,"_exactmetrics_sitenote_active":false,"_exactmetrics_sitenote_note":"","_exactmetrics_sitenote_category":0,"footnotes":""},"categories":[88],"tags":[],"class_list":["post-14671","post","type-post","status-publish","format-standard","has-post-thumbnail","hentry","category-garrantzitsuenak"],"_links":{"self":[{"href":"https:\/\/www.baztan.eus\/es\/wp-json\/wp\/v2\/posts\/14671","targetHints":{"allow":["GET"]}}],"collection":[{"href":"https:\/\/www.baztan.eus\/es\/wp-json\/wp\/v2\/posts"}],"about":[{"href":"https:\/\/www.baztan.eus\/es\/wp-json\/wp\/v2\/types\/post"}],"author":[{"embeddable":true,"href":"https:\/\/www.baztan.eus\/es\/wp-json\/wp\/v2\/users\/134"}],"replies":[{"embeddable":true,"href":"https:\/\/www.baztan.eus\/es\/wp-json\/wp\/v2\/comments?post=14671"}],"version-history":[{"count":0,"href":"https:\/\/www.baztan.eus\/es\/wp-json\/wp\/v2\/posts\/14671\/revisions"}],"wp:featuredmedia":[{"embeddable":true,"href":"https:\/\/www.baztan.eus\/es\/wp-json\/wp\/v2\/media\/12701"}],"wp:attachment":[{"href":"https:\/\/www.baztan.eus\/es\/wp-json\/wp\/v2\/media?parent=14671"}],"wp:term":[{"taxonomy":"category","embeddable":true,"href":"https:\/\/www.baztan.eus\/es\/wp-json\/wp\/v2\/categories?post=14671"},{"taxonomy":"post_tag","embeddable":true,"href":"https:\/\/www.baztan.eus\/es\/wp-json\/wp\/v2\/tags?post=14671"}],"curies":[{"name":"wp","href":"https:\/\/api.w.org\/{rel}","templated":true}]}}