{"id":14682,"date":"2021-04-20T13:36:58","date_gmt":"2021-04-20T11:36:58","guid":{"rendered":"http:\/\/w2.baztan.eus\/convocatoria-para-contratacion-temporal-de-tres-personas-desempleadas-para-el-puesto-de-peon-de-servicios-multiples-y-forestal-para-el-ayuntamiento-de-baztan\/"},"modified":"2021-04-20T13:36:58","modified_gmt":"2021-04-20T11:36:58","slug":"convocatoria-para-contratacion-temporal-de-tres-personas-desempleadas-para-el-puesto-de-peon-de-servicios-multiples-y-forestal-para-el-ayuntamiento-de-baztan","status":"publish","type":"post","link":"https:\/\/www.baztan.eus\/es\/convocatoria-para-contratacion-temporal-de-tres-personas-desempleadas-para-el-puesto-de-peon-de-servicios-multiples-y-forestal-para-el-ayuntamiento-de-baztan\/","title":{"rendered":"CONVOCATORIA PARA CONTRATACI\u00d3N TEMPORAL DE TRES PERSONAS DESEMPLEADAS PARA EL PUESTO DE PE\u00d3N DE SERVICIOS M\u00daLTIPLES Y FORESTAL PARA EL AYUNTAMIENTO DE BAZTAN"},"content":{"rendered":"<p><a href=\"http:\/\/www.baztan.eus\/wp-content\/uploads\/2021\/04\/2.-Bases-convocatoria.-2021.-Elebiz.pdf\" class=\"mtli_attachment mtli_pdf\" target=\"_blank\" rel=\"noopener noreferrer\">CONVOCATORIA (136 KB)<\/a><\/p>\n","protected":false},"excerpt":{"rendered":"<p>CONVOCATORIA (136 KB)<\/p>\n","protected":false},"author":134,"featured_media":10957,"comment_status":"closed","ping_status":"closed","sticky":false,"template":"","format":"standard","meta":{"_exactmetrics_skip_tracking":false,"_exactmetrics_sitenote_active":false,"_exactmetrics_sitenote_note":"","_exactmetrics_sitenote_category":0,"footnotes":""},"categories":[88],"tags":[],"class_list":["post-14682","post","type-post","status-publish","format-standard","has-post-thumbnail","hentry","category-garrantzitsuenak"],"_links":{"self":[{"href":"https:\/\/www.baztan.eus\/es\/wp-json\/wp\/v2\/posts\/14682","targetHints":{"allow":["GET"]}}],"collection":[{"href":"https:\/\/www.baztan.eus\/es\/wp-json\/wp\/v2\/posts"}],"about":[{"href":"https:\/\/www.baztan.eus\/es\/wp-json\/wp\/v2\/types\/post"}],"author":[{"embeddable":true,"href":"https:\/\/www.baztan.eus\/es\/wp-json\/wp\/v2\/users\/134"}],"replies":[{"embeddable":true,"href":"https:\/\/www.baztan.eus\/es\/wp-json\/wp\/v2\/comments?post=14682"}],"version-history":[{"count":0,"href":"https:\/\/www.baztan.eus\/es\/wp-json\/wp\/v2\/posts\/14682\/revisions"}],"wp:featuredmedia":[{"embeddable":true,"href":"https:\/\/www.baztan.eus\/es\/wp-json\/wp\/v2\/media\/10957"}],"wp:attachment":[{"href":"https:\/\/www.baztan.eus\/es\/wp-json\/wp\/v2\/media?parent=14682"}],"wp:term":[{"taxonomy":"category","embeddable":true,"href":"https:\/\/www.baztan.eus\/es\/wp-json\/wp\/v2\/categories?post=14682"},{"taxonomy":"post_tag","embeddable":true,"href":"https:\/\/www.baztan.eus\/es\/wp-json\/wp\/v2\/tags?post=14682"}],"curies":[{"name":"wp","href":"https:\/\/api.w.org\/{rel}","templated":true}]}}