{"id":15745,"date":"2021-05-31T10:32:55","date_gmt":"2021-05-31T08:32:55","guid":{"rendered":"http:\/\/www.baztan.eus\/?p=13052"},"modified":"2021-09-02T11:28:15","modified_gmt":"2021-09-02T11:28:15","slug":"udako-jostaldiak-2021-aurten-bai","status":"publish","type":"post","link":"https:\/\/www.baztan.eus\/es\/udako-jostaldiak-2021-aurten-bai\/","title":{"rendered":"\u00a1UDAKO JOSTALDIA 2021, EN BAZTAN!"},"content":{"rendered":"<p><span style=\"line-height: 1.5;\">Tras el par\u00f3n del pasado a\u00f1o, este 2021 s\u00ed que habr\u00e1 campamentos de verano\/<strong>Udako Jostaldia en Baztan.<\/strong><\/span><\/p>\n<div class=\"row\">\n<div class=\"col-md-12 col-xs-12\">\n<p>Los campamentos urbanos son organizados por el Ayuntamiento de Baztan, y como es habitual, ser\u00e1n en agosto. Este a\u00f1o, en concreto, desde el 2 al 27, \u00a0y de 10:00 a 13:00 de la ma\u00f1ana. Est\u00e1n dirigidos a ni\u00f1as\/ni\u00f1os de 3 a 12 a\u00f1os.<\/p>\n<p><strong>INFORMACI\u00d3N PARA INSCRIBIRSE:<\/strong><\/p>\n<\/div>\n<ul>\n<li>Plazo: del 4 al 11 de junio. \u00a1El plazo es improrrogable, que no se os pasen las fechas!<\/li>\n<li>A trav\u00e9s de este enlace: \u00a0<a href=\"https:\/\/labur.eus\/UdakoJostaldiaBaztan\" target=\"_blank\" rel=\"noopener noreferrer\">https:\/\/labur.eus\/UdakoJostaldiaBaztan<\/a><\/li>\n<li>M\u00e1s info en el <a href=\"http:\/\/www.baztan.eus\/wp-content\/uploads\/2021\/05\/UdakoJostaldia_A5.pdf\" class=\"mtli_attachment mtli_pdf\">Folleto de UdakoJostaldia_A5<\/a><\/li>\n<li>En el siguiente documento ten\u00e9is informaci\u00f3n sobre medidas de salud para los participantes de los campamentos en <a href=\"http:\/\/www.baztan.eus\/wp-content\/uploads\/2021\/05\/Udako-Jostaldia_Segurtasun-protokoloa_ELEBIZ-1.pdf\" class=\"mtli_attachment mtli_pdf\">Udako Jostaldia_Segurtasun protokoloa_ELEBIZ<\/a><\/li>\n<\/ul>\n<p>&nbsp;<\/p>\n<p><strong style=\"line-height: 1.5;\">TRAS LA INSCRIPCI\u00d3N:<\/strong><\/p>\n<\/div>\n<p>Una vez inscritos, conviene que los padres y madres lean y tengan en cuenta algunas instrucciones para la participaci\u00f3n de sus hijas e hijos en el Jostaldi de verano. Para ello ten\u00e9is a vuestra disposici\u00f3n este documento: <a href=\"http:\/\/w2.baztan.eus\/wp-content\/uploads\/2021\/05\/Gurasoendako-gutuna-ele-biz-2021.pdf\" class=\"mtli_attachment mtli_pdf\">Gurasoendako gutuna ele biz 2021\u00a0<\/a>(Carta para Padres y Madres).<\/p>\n<p><a href=\"http:\/\/w2.baztan.eus\/wp-content\/uploads\/2021\/09\/UdakoJostaldia_estekarekin.jpg\"><img loading=\"lazy\" decoding=\"async\" class=\"alignnone size-full wp-image-15908\" src=\"http:\/\/w2.baztan.eus\/wp-content\/uploads\/2021\/09\/UdakoJostaldia_estekarekin.jpg\" alt=\"\" width=\"2150\" height=\"1095\" srcset=\"https:\/\/www.baztan.eus\/wp-content\/uploads\/2021\/09\/UdakoJostaldia_estekarekin.jpg 2150w, https:\/\/www.baztan.eus\/wp-content\/uploads\/2021\/09\/UdakoJostaldia_estekarekin-300x153.jpg 300w, https:\/\/www.baztan.eus\/wp-content\/uploads\/2021\/09\/UdakoJostaldia_estekarekin-1024x522.jpg 1024w, https:\/\/www.baztan.eus\/wp-content\/uploads\/2021\/09\/UdakoJostaldia_estekarekin-768x391.jpg 768w, https:\/\/www.baztan.eus\/wp-content\/uploads\/2021\/09\/UdakoJostaldia_estekarekin-1536x782.jpg 1536w, https:\/\/www.baztan.eus\/wp-content\/uploads\/2021\/09\/UdakoJostaldia_estekarekin-2048x1043.jpg 2048w, https:\/\/www.baztan.eus\/wp-content\/uploads\/2021\/09\/UdakoJostaldia_estekarekin-226x115.jpg 226w\" sizes=\"auto, (max-width: 2150px) 100vw, 2150px\" \/><\/a><\/p>\n","protected":false},"excerpt":{"rendered":"<p>Tras el par\u00f3n del pasado a\u00f1o, este 2021 s\u00ed que habr\u00e1 campamentos de verano\/Udako Jostaldia en Baztan. Los campamentos urbanos son organizados por el Ayuntamiento de Baztan, y como es habitual, ser\u00e1n en agosto. Este a\u00f1o, en concreto, desde el 2 al 27, \u00a0y de 10:00 a 13:00 de la ma\u00f1ana. Est\u00e1n dirigidos a ni\u00f1as\/ni\u00f1os [&hellip;]<\/p>\n","protected":false},"author":1,"featured_media":13053,"comment_status":"closed","ping_status":"closed","sticky":false,"template":"","format":"standard","meta":{"_exactmetrics_skip_tracking":false,"_exactmetrics_sitenote_active":false,"_exactmetrics_sitenote_note":"","_exactmetrics_sitenote_category":0,"footnotes":""},"categories":[86,88],"tags":[],"class_list":["post-15745","post","type-post","status-publish","format-standard","has-post-thumbnail","hentry","category-euskara_zerb","category-garrantzitsuenak"],"_links":{"self":[{"href":"https:\/\/www.baztan.eus\/es\/wp-json\/wp\/v2\/posts\/15745","targetHints":{"allow":["GET"]}}],"collection":[{"href":"https:\/\/www.baztan.eus\/es\/wp-json\/wp\/v2\/posts"}],"about":[{"href":"https:\/\/www.baztan.eus\/es\/wp-json\/wp\/v2\/types\/post"}],"author":[{"embeddable":true,"href":"https:\/\/www.baztan.eus\/es\/wp-json\/wp\/v2\/users\/1"}],"replies":[{"embeddable":true,"href":"https:\/\/www.baztan.eus\/es\/wp-json\/wp\/v2\/comments?post=15745"}],"version-history":[{"count":3,"href":"https:\/\/www.baztan.eus\/es\/wp-json\/wp\/v2\/posts\/15745\/revisions"}],"predecessor-version":[{"id":15910,"href":"https:\/\/www.baztan.eus\/es\/wp-json\/wp\/v2\/posts\/15745\/revisions\/15910"}],"wp:featuredmedia":[{"embeddable":true,"href":"https:\/\/www.baztan.eus\/es\/wp-json\/"}],"wp:attachment":[{"href":"https:\/\/www.baztan.eus\/es\/wp-json\/wp\/v2\/media?parent=15745"}],"wp:term":[{"taxonomy":"category","embeddable":true,"href":"https:\/\/www.baztan.eus\/es\/wp-json\/wp\/v2\/categories?post=15745"},{"taxonomy":"post_tag","embeddable":true,"href":"https:\/\/www.baztan.eus\/es\/wp-json\/wp\/v2\/tags?post=15745"}],"curies":[{"name":"wp","href":"https:\/\/api.w.org\/{rel}","templated":true}]}}