{"id":15756,"date":"2021-08-10T12:42:38","date_gmt":"2021-08-10T10:42:38","guid":{"rendered":"http:\/\/www.baztan.eus\/?p=13366"},"modified":"2021-09-02T09:58:12","modified_gmt":"2021-09-02T09:58:12","slug":"arizkuneneako-gelak-erabili-ahal-izateko-eskariak-aurkezteko-epea-zabalik","status":"publish","type":"post","link":"https:\/\/www.baztan.eus\/es\/arizkuneneako-gelak-erabili-ahal-izateko-eskariak-aurkezteko-epea-zabalik\/","title":{"rendered":"Plazo abierto para la solicitud de uso de la Casa de Cultura Arizkunenea para entidades culturales de forma continuada (de octubre a junio)"},"content":{"rendered":"<p>Plazo de presentaci\u00f3n de solicitudes: hasta el d\u00eda 23 de agosto (incluido)<\/p>\n<p>Lugar de presentaci\u00f3n: Registro general del Ayuntamiento de Baztan (registro electr\u00f3nico, envi\u00f3 postal, presencial)<\/p>\n<p>Documentaci\u00f3n: <a href=\"http:\/\/www.baztan.eus\/wp-content\/uploads\/2021\/08\/ERABILTZAILE-IRAUNKORRAK.doc\" class=\"mtli_attachment mtli_doc\">Impreso de solicitud temporada 2021-2022;\u00a0<\/a><\/p>\n<p><a href=\"http:\/\/www.baztan.eus\/wp-content\/uploads\/2021\/08\/AKTIBITATEAREN-AZALPENA.doc\" class=\"mtli_attachment mtli_doc\">Descripci\u00f3n de la actividad<\/a><\/p>\n","protected":false},"excerpt":{"rendered":"<p>Plazo de presentaci\u00f3n de solicitudes: hasta el d\u00eda 23 de agosto (incluido) Lugar de presentaci\u00f3n: Registro general del Ayuntamiento de Baztan (registro electr\u00f3nico, envi\u00f3 postal, presencial) Documentaci\u00f3n: Impreso de solicitud temporada 2021-2022;\u00a0 Descripci\u00f3n de la actividad<\/p>\n","protected":false},"author":1,"featured_media":0,"comment_status":"closed","ping_status":"closed","sticky":false,"template":"","format":"standard","meta":{"_exactmetrics_skip_tracking":false,"_exactmetrics_sitenote_active":false,"_exactmetrics_sitenote_note":"","_exactmetrics_sitenote_category":0,"footnotes":""},"categories":[66,88],"tags":[],"class_list":["post-15756","post","type-post","status-publish","format-standard","hentry","category-esne_eta_esnekiak","category-garrantzitsuenak"],"_links":{"self":[{"href":"https:\/\/www.baztan.eus\/es\/wp-json\/wp\/v2\/posts\/15756","targetHints":{"allow":["GET"]}}],"collection":[{"href":"https:\/\/www.baztan.eus\/es\/wp-json\/wp\/v2\/posts"}],"about":[{"href":"https:\/\/www.baztan.eus\/es\/wp-json\/wp\/v2\/types\/post"}],"author":[{"embeddable":true,"href":"https:\/\/www.baztan.eus\/es\/wp-json\/wp\/v2\/users\/1"}],"replies":[{"embeddable":true,"href":"https:\/\/www.baztan.eus\/es\/wp-json\/wp\/v2\/comments?post=15756"}],"version-history":[{"count":2,"href":"https:\/\/www.baztan.eus\/es\/wp-json\/wp\/v2\/posts\/15756\/revisions"}],"predecessor-version":[{"id":15851,"href":"https:\/\/www.baztan.eus\/es\/wp-json\/wp\/v2\/posts\/15756\/revisions\/15851"}],"wp:attachment":[{"href":"https:\/\/www.baztan.eus\/es\/wp-json\/wp\/v2\/media?parent=15756"}],"wp:term":[{"taxonomy":"category","embeddable":true,"href":"https:\/\/www.baztan.eus\/es\/wp-json\/wp\/v2\/categories?post=15756"},{"taxonomy":"post_tag","embeddable":true,"href":"https:\/\/www.baztan.eus\/es\/wp-json\/wp\/v2\/tags?post=15756"}],"curies":[{"name":"wp","href":"https:\/\/api.w.org\/{rel}","templated":true}]}}