{"id":17480,"date":"2022-01-20T07:57:44","date_gmt":"2022-01-20T07:57:44","guid":{"rendered":"http:\/\/www.baztan.eus\/?p=17480"},"modified":"2022-01-20T07:57:44","modified_gmt":"2022-01-20T07:57:44","slug":"plan-especial-de-desarrollo-urbanistico-de-las-unidades-ue-2-y-ue-3-de-erratzu","status":"publish","type":"post","link":"https:\/\/www.baztan.eus\/es\/plan-especial-de-desarrollo-urbanistico-de-las-unidades-ue-2-y-ue-3-de-erratzu\/","title":{"rendered":"Plan especial de desarrollo urban\u00edstico de las unidades UE-2 y UE-3 de Erratzu"},"content":{"rendered":"<p><em><u>SESI\u00d3N PLENARIA ORDINARIA DE 23 DE DICIEMBRE DE 2021<\/u><\/em><\/p>\n<p>&nbsp;<\/p>\n<p><strong><em><u>3.- PLAN ESPECIAL DE DESARROLLO URBAN\u00cdSTICO DE LAS UNIDADES UE-2 Y UE-3 DE ERRATZU, PROMOVIDO POR EL AYUNTAMIENTO DE BAZTAN. APROBACI\u00d3N INICIAL.<\/u><\/em><\/strong><\/p>\n<p><em>Visto el proyecto de Plan Especial de desarrollo de las unidades UE-2 y UE-3 de Erratzu, promovido por el Ayuntamiento de Baztan y visto el documento redactado por los arquitectos Gotzon Olarte Gorosabel y Ainara Iparraguirre Comuni\u00f3n de 18\/12\/2021, sobre su adecuaci\u00f3n al objeto y funciones previstas en la legislaci\u00f3n urban\u00edstica de la Comunidad Foral de Navarra,. Teniendo en cuenta el Decreto Foral Legislativo 1\/2017, de 26 de julio, por el que se aprueba el Texto Refundido de la Ley Foral de Ordenaci\u00f3n del Territorio y Urbanismo, el Pleno por 7 votos a favor y 3 abstenciones <strong>acuerda<\/strong>:<\/em><\/p>\n<p><em>1.- <strong>Aprobar inicialmente<\/strong> el Plan Especial de desarrollo de las unidades UE-2 y UE-3 de Erratzu, promovido por el Ayuntamiento de Baztan atendiendo al documento redactado por los arquitectos Gotzon Olarte Gorosabel y Ainara Iparraguirre Comuni\u00f3n de 18\/12\/2021.<\/em><\/p>\n<p><em>2.- <strong>Someter <\/strong>dicho Plan Especial a un per\u00edodo de <strong>informaci\u00f3n p\u00fablica<\/strong> por un plazo de un mes desde la publicaci\u00f3n del anuncio de la aprobaci\u00f3n inicial en el Bolet\u00edn Oficial de Navarra, en los diarios editados en Navarra, as\u00ed como en la sede electr\u00f3nica de este Ayuntamiento. Durante el per\u00edodo de informaci\u00f3n p\u00fablica, podr\u00e1 examinarse el Plan Especial por cualquier persona y formularse las alegaciones que procedan.<\/em><\/p>\n<p><em>\u00a0<\/em><\/p>\n<p><a href=\"https:\/\/bon.navarra.es\/es\/anuncio\/-\/texto\/2022\/14\/15\">https:\/\/bon.navarra.es\/es\/anuncio\/-\/texto\/2022\/14\/15<\/a><\/p>\n<p>&nbsp;<\/p>\n","protected":false},"excerpt":{"rendered":"<p>SESI\u00d3N PLENARIA ORDINARIA DE 23 DE DICIEMBRE DE 2021 &nbsp; 3.- PLAN ESPECIAL DE DESARROLLO URBAN\u00cdSTICO DE LAS UNIDADES UE-2 Y UE-3 DE ERRATZU, PROMOVIDO POR EL AYUNTAMIENTO DE BAZTAN. APROBACI\u00d3N INICIAL. Visto el proyecto de Plan Especial de desarrollo de las unidades UE-2 y UE-3 de Erratzu, promovido por el Ayuntamiento de Baztan y [&hellip;]<\/p>\n","protected":false},"author":2,"featured_media":0,"comment_status":"closed","ping_status":"closed","sticky":false,"template":"","format":"standard","meta":{"_exactmetrics_skip_tracking":false,"_exactmetrics_sitenote_active":false,"_exactmetrics_sitenote_note":"","_exactmetrics_sitenote_category":0,"footnotes":""},"categories":[114],"tags":[],"class_list":["post-17480","post","type-post","status-publish","format-standard","hentry","category-taula_ac"],"_links":{"self":[{"href":"https:\/\/www.baztan.eus\/es\/wp-json\/wp\/v2\/posts\/17480","targetHints":{"allow":["GET"]}}],"collection":[{"href":"https:\/\/www.baztan.eus\/es\/wp-json\/wp\/v2\/posts"}],"about":[{"href":"https:\/\/www.baztan.eus\/es\/wp-json\/wp\/v2\/types\/post"}],"author":[{"embeddable":true,"href":"https:\/\/www.baztan.eus\/es\/wp-json\/wp\/v2\/users\/2"}],"replies":[{"embeddable":true,"href":"https:\/\/www.baztan.eus\/es\/wp-json\/wp\/v2\/comments?post=17480"}],"version-history":[{"count":1,"href":"https:\/\/www.baztan.eus\/es\/wp-json\/wp\/v2\/posts\/17480\/revisions"}],"predecessor-version":[{"id":17481,"href":"https:\/\/www.baztan.eus\/es\/wp-json\/wp\/v2\/posts\/17480\/revisions\/17481"}],"wp:attachment":[{"href":"https:\/\/www.baztan.eus\/es\/wp-json\/wp\/v2\/media?parent=17480"}],"wp:term":[{"taxonomy":"category","embeddable":true,"href":"https:\/\/www.baztan.eus\/es\/wp-json\/wp\/v2\/categories?post=17480"},{"taxonomy":"post_tag","embeddable":true,"href":"https:\/\/www.baztan.eus\/es\/wp-json\/wp\/v2\/tags?post=17480"}],"curies":[{"name":"wp","href":"https:\/\/api.w.org\/{rel}","templated":true}]}}